{"id":2851,"date":"2023-02-20T14:12:34","date_gmt":"2023-02-20T13:12:34","guid":{"rendered":"http:\/\/www.campingdugoulet.fr\/not-to-be-missed-this-summer\/"},"modified":"2024-07-26T14:55:48","modified_gmt":"2024-07-26T12:55:48","slug":"not-to-be-missed-this-summer","status":"publish","type":"post","link":"https:\/\/www.campingdugoulet.fr\/en\/not-to-be-missed-this-summer\/","title":{"rendered":"Not to be missed this summer!"},"content":{"rendered":"\n<h2 class=\"wp-block-heading\"><strong>Festival d&#8217;Armor, <sup>39th<\/sup> edition<\/strong><\/h2>\n\n<div class=\"wp-block-columns is-layout-flex wp-container-core-columns-is-layout-9d6595d7 wp-block-columns-is-layout-flex\">\n<div class=\"wp-block-column is-vertically-aligned-center is-layout-flow wp-block-column-is-layout-flow\" style=\"flex-basis:50%\">\n<p>During the Pentecost weekend, from May 27 to 29, 2023, the Festival d&#8217;Armor offers you its <sup>39th<\/sup> edition! An international soccer tournament not to be missed in the region. A time of sharing, meeting and sport during these 3 days of tournament. The Goulet campsite has been a partner of the Festival for many years and welcomes every year different teams coming to participate in the sporting event.<\/p>\n<\/div>\n\n\n\n<div class=\"wp-block-column is-layout-flow wp-block-column-is-layout-flow\" style=\"flex-basis:50%\">\n<figure class=\"wp-block-image size-full is-style-rounded\"><img loading=\"lazy\" decoding=\"async\" width=\"960\" height=\"640\" src=\"https:\/\/www.campingdugoulet.fr\/wp-content\/uploads\/foot-festival-armor.jpg\" alt=\"foot festival armor\" class=\"wp-image-1187\" srcset=\"https:\/\/www.campingdugoulet.fr\/wp-content\/uploads\/foot-festival-armor.jpg 960w, https:\/\/www.campingdugoulet.fr\/wp-content\/uploads\/foot-festival-armor-480x320.jpg 480w\" sizes=\"(min-width: 0px) and (max-width: 480px) 480px, (min-width: 481px) 960px, 100vw\" \/><\/figure><\/div>\n<\/div>\n\n<h2 class=\"wp-block-heading\"><strong>17th edition of the Trail du Bout du Monde<\/strong><\/h2>\n\n<div class=\"wp-block-columns is-layout-flex wp-container-core-columns-is-layout-9d6595d7 wp-block-columns-is-layout-flex\">\n<div class=\"wp-block-column is-layout-flow wp-block-column-is-layout-flow\">\n<figure class=\"wp-block-image size-full is-style-rounded\"><img loading=\"lazy\" decoding=\"async\" width=\"478\" height=\"269\" src=\"https:\/\/www.campingdugoulet.fr\/wp-content\/uploads\/trail-bout-du-monde-edited-1.jpg\" alt=\"trail end of the world\" class=\"wp-image-1207\" srcset=\"https:\/\/www.campingdugoulet.fr\/wp-content\/uploads\/trail-bout-du-monde-edited-1.jpg 478w, https:\/\/www.campingdugoulet.fr\/wp-content\/uploads\/trail-bout-du-monde-edited-1-300x169.jpg 300w\" sizes=\"(max-width: 478px) 100vw, 478px\" \/><\/figure><\/div>\n\n\n\n<div class=\"wp-block-column is-vertically-aligned-center is-layout-flow wp-block-column-is-layout-flow\">\n<p><strong>A race facing the ocean at the end of the world! <\/strong>The different courses will make you discover the splendid <a href=\"https:\/\/www.tourismebretagne.com\/destinations\/les-10-destinations\/brest-terres-oceanes\/la-pointe-saint-mathieu\/\" target=\"_blank\" rel=\"noreferrer noopener\">Pointe Saint-Mathieu<\/a>, the <a href=\"https:\/\/www.youtube.com\/watch?v=R7HlC51UkBg\" target=\"_blank\" rel=\"noreferrer noopener\">lighthouse of Kermorvan<\/a>, the beautiful cove of <a href=\"https:\/\/www.tourismebretagne.com\/offres\/plage-des-blancs-sablons-le-conquet-fr-1994205\/\" target=\"_blank\" rel=\"noreferrer noopener\">Blancs Sablons<\/a>, the lighthouse of Petit Minou and the fort of Bertheaume. A real finisterian immersion! Our campsite is located at the western entrance of Brest and is ideally placed for the departures of the 37km and 57km (10mn by car from the V\u00e9lodrome of Plouzan\u00e9). More info on : <a href=\"https:\/\/www.trailduboutdumonde.com\/\">https:\/\/www.trailduboutdumonde.com\/<\/a><\/p>\n<\/div>\n<\/div>\n\n<div class=\"wp-block-group is-layout-constrained wp-block-group-is-layout-constrained\"><\/div>\n\n<h2 class=\"wp-block-heading\"><strong>Medieval Festival of Saint Renan<\/strong><\/h2>\n\n<div class=\"wp-block-columns is-layout-flex wp-container-core-columns-is-layout-9d6595d7 wp-block-columns-is-layout-flex\">\n<div class=\"wp-block-column is-layout-flow wp-block-column-is-layout-flow\">\n<p>Hear ye, hear ye, the medieval festival of Saint Renan is back on July 15 and 16, 2023! It&#8217;s a great moment of sharing, of shows, of laughter, of emotions. A unique moment that brings together around its history and cultural heritage Breton, a large inter-generational audience.<\/p>\n\n\n\n<p>For this new edition, immerse yourself in the heart of theater, tales and fabliaux. Come one, come all to welcome and honor our Duchess and Queen Anne of Brittany and our King Louis XII on their visit to Saint-Renan.<br\/>On each square, the trestles are set up. At the bend of an alley, come and laugh at the fabliaux where each word is chosen for your pleasure, let yourself be lulled by a tale, transported by the troubadours, stroll in the middle of the market and marvel at the fire show!  <\/p>\n\n\n\n<p>The access to the site and to the street animations is completely free. This choice of an access for all is an affirmed will of a popular, family and convivial festival.<\/p>\n\n\n\n<p>What awaits you on these two days of celebration:<\/p>\n<\/div>\n\n\n\n<div class=\"wp-block-column is-layout-flow wp-block-column-is-layout-flow\">\n<figure class=\"wp-block-image size-full is-style-rounded\"><img loading=\"lazy\" decoding=\"async\" width=\"960\" height=\"638\" src=\"https:\/\/www.campingdugoulet.fr\/wp-content\/uploads\/festival-medieval-st-renan.jpg\" alt=\"medieval festival st renan\" class=\"wp-image-1183\" srcset=\"https:\/\/www.campingdugoulet.fr\/wp-content\/uploads\/festival-medieval-st-renan.jpg 960w, https:\/\/www.campingdugoulet.fr\/wp-content\/uploads\/festival-medieval-st-renan-480x319.jpg 480w\" sizes=\"(min-width: 0px) and (max-width: 480px) 480px, (min-width: 481px) 960px, 100vw\" \/><\/figure><\/div>\n<\/div>\n\n<div class=\"wp-block-columns is-layout-flex wp-container-core-columns-is-layout-9d6595d7 wp-block-columns-is-layout-flex\">\n<div class=\"wp-block-column is-layout-flow wp-block-column-is-layout-flow\">\n<p>&#8211; Theater, tales and fables, at every corner of the festival<\/p>\n\n\n\n<p>&#8211; 5 parades including one with 600 people in costume<\/p>\n\n\n\n<p>&#8211; Fire show and burning of the lake of Ty-Colo<\/p>\n\n\n\n<p>&#8211; Medieval Ball<\/p>\n\n\n\n<p>&#8211; Concerts at Notre Dame Church and Saint-Yves Chapel<\/p>\n\n\n\n<p>&#8211; Medieval Banquet<\/p>\n\n\n\n<p>&#8211; Medieval market<\/p>\n<\/div>\n\n\n\n<div class=\"wp-block-column is-layout-flow wp-block-column-is-layout-flow\">\n<p>&#8211; Tournaments and equestrian jousts<\/p>\n\n\n\n<p>&#8211; Camps and men at arms<\/p>\n\n\n\n<p>&#8211; Exhibitions at the media library<\/p>\n\n\n\n<p>&#8211; Catering and refreshments on site<\/p>\n\n\n\n<p>Take a step back in history at this magical festival located only 15 minutes drive from our campground!<\/p>\n<\/div>\n<\/div>\n\n<p><\/p>\n\n<h2 class=\"wp-block-heading\"><strong>7th edition of Esti&#8217;vent, wind and kite festival<\/strong><\/h2>\n\n<div class=\"wp-block-columns is-layout-flex wp-container-core-columns-is-layout-9d6595d7 wp-block-columns-is-layout-flex\">\n<div class=\"wp-block-column is-layout-flow wp-block-column-is-layout-flow\">\n<figure class=\"wp-block-image size-full is-style-rounded\"><img loading=\"lazy\" decoding=\"async\" width=\"960\" height=\"640\" src=\"https:\/\/www.campingdugoulet.fr\/wp-content\/uploads\/estivent.jpg\" alt=\"summer\" class=\"wp-image-1186\" srcset=\"https:\/\/www.campingdugoulet.fr\/wp-content\/uploads\/estivent.jpg 960w, https:\/\/www.campingdugoulet.fr\/wp-content\/uploads\/estivent-480x320.jpg 480w\" sizes=\"(min-width: 0px) and (max-width: 480px) 480px, (min-width: 481px) 960px, 100vw\" \/><\/figure><\/div>\n\n\n\n<div class=\"wp-block-column is-layout-flow wp-block-column-is-layout-flow\">\n<p>The Esti&#8217;vent will take place on July 22 and 23, 2023 in Porspoder. It is an original, dynamic and friendly party that has been held every year since 2016. A great idea for an outing on a theme that highlights the environment, the local natural heritage, and the commune of Porspoder.<\/p>\n\n\n\n<p>It is more than a hundred kites: static and acrobatic, acrobatics competitions, the presence of French and world champions of the discipline and competitors of different nationalities (French, Italian, Belgian, Dutch &#8230;).<\/p>\n\n\n\n<p>Esti-vent is also a lively site: the dunes around the multi-purpose hall on the edge of the Saint-Laurent peninsula, respecting the protected areas, for a friendly welcome, with various attractions for the interest of all participants and audiences. You will also find :<\/p>\n<\/div>\n<\/div>\n\n<p><\/p>\n\n<p>&#8211; Local merchants and artisans who offer their products, their artistic production, to leave with beautiful memories<\/p>\n\n<p>&#8211; Games for the children: they have to let off steam, shout, jump, slide, have fun!<\/p>\n\n<p>&#8211; Workshops: to make your own kite, to decorate it, to personalize it, to know how to make it again later, and maybe come back the next year with your great creation!<\/p>\n\n<p>&#8211; Food and beverage areas<\/p>\n\n<p>&#8211; And watch out for waste! The dunes are a protected space: we must take care of them.<\/p>\n\n<h2 class=\"wp-block-heading\"><strong>F\u00eate des Go\u00e9moniers in Plouguerneau<\/strong><\/h2>\n\n<div class=\"wp-block-columns is-layout-flex wp-container-core-columns-is-layout-9d6595d7 wp-block-columns-is-layout-flex\">\n<div class=\"wp-block-column is-vertically-aligned-center is-layout-flow wp-block-column-is-layout-flow\">\n<p>Since 1983, the volunteers of the Karreg-Hir association gather, in constumes, on the dunes of Penn-Enez and on the beach for a reenactment of the seaweed trade of the years 1920-1950. Relive the golden age of seaweed fishing during this 36th edition of the festival of seaweed.<br\/><br\/>This reconstruction of the &#8220;soda cut&#8221;, aims to make the public understand the whole activity related to the harvest of seaweed along a marked and explained route. From the cutting of the seaweed with the help of guillotines, to the departure of the soda breads to the factory, passing by the unloading of the seaweed in the cart, the drying, the stacking, the burning in the soda ovens.<br\/><br\/>You&#8217;ll also find stands selling seaweed products, as well as a bar, coffee, cr\u00eapes, ice creams and oysters&#8230;<br\/>Don&#8217;t forget to visit the seaweed and seaweed ecomuseum!<\/p>\n\n\n\n<p>Sunday, August 20, 2023, from 2:00 pm to 6:00 pm.<\/p>\n<\/div>\n\n\n\n<div class=\"wp-block-column is-layout-flow wp-block-column-is-layout-flow\">\n<figure class=\"wp-block-image size-full is-style-rounded\"><img loading=\"lazy\" decoding=\"async\" width=\"638\" height=\"638\" src=\"https:\/\/www.campingdugoulet.fr\/wp-content\/uploads\/fete-goemoniers-edited-1.jpg\" alt=\"goemoniers festival\" class=\"wp-image-1211\" srcset=\"https:\/\/www.campingdugoulet.fr\/wp-content\/uploads\/fete-goemoniers-edited-1.jpg 638w, https:\/\/www.campingdugoulet.fr\/wp-content\/uploads\/fete-goemoniers-edited-1-480x480.jpg 480w\" sizes=\"(min-width: 0px) and (max-width: 480px) 480px, (min-width: 481px) 638px, 100vw\" \/><\/figure><\/div>\n<\/div>\n\n<p><\/p>\n\n<h2 class=\"wp-block-heading\"><strong>The Saint-Michel Fair in Brest<\/strong><\/h2>\n\n<div class=\"wp-block-columns is-layout-flex wp-container-core-columns-is-layout-9d6595d7 wp-block-columns-is-layout-flex\">\n<div class=\"wp-block-column is-layout-flow wp-block-column-is-layout-flow\">\n<figure class=\"wp-block-image size-full is-style-rounded\"><img loading=\"lazy\" decoding=\"async\" width=\"641\" height=\"304\" src=\"https:\/\/www.campingdugoulet.fr\/wp-content\/uploads\/foire-st-michel.jpg\" alt=\"st michel fair\" class=\"wp-image-1185\" srcset=\"https:\/\/www.campingdugoulet.fr\/wp-content\/uploads\/foire-st-michel.jpg 641w, https:\/\/www.campingdugoulet.fr\/wp-content\/uploads\/foire-st-michel-480x228.jpg 480w\" sizes=\"(min-width: 0px) and (max-width: 480px) 480px, (min-width: 481px) 641px, 100vw\" \/><\/figure><\/div>\n\n\n\n<div class=\"wp-block-column is-vertically-aligned-center is-layout-flow wp-block-column-is-layout-flow\">\n<p>On September 23 and 24, the Foire Saint Michel will give you the opportunity to discover or rediscover the city of Brest, its gardens, boulevards and downtown area. It is an event not to be missed in the city of Ponant, you will find there the big braderie of the Brestois shopkeepers, a big unpacking of private individuals as well as a funfair.<\/p>\n<\/div>\n<\/div>\n\n<p><\/p>\n","protected":false},"excerpt":{"rendered":"<p>Festival d&#8217;Armor, 39th edition During the Pentecost weekend, from May 27 to 29, 2023, the Festival d&#8217;Armor offers you its 39th edition! An international soccer tournament not to be missed in the region. A time of sharing, meeting and sport during these 3 days of tournament. The Goulet campsite has been a partner of the [&hellip;]<\/p>\n","protected":false},"author":2,"featured_media":1419,"comment_status":"closed","ping_status":"closed","sticky":false,"template":"","format":"standard","meta":{"_acf_changed":false,"_et_pb_use_builder":"off","_et_pb_old_content":"","_et_gb_content_width":"","inline_featured_image":false,"footnotes":""},"categories":[12],"tags":[],"class_list":["post-2851","post","type-post","status-publish","format-standard","has-post-thumbnail","hentry","category-uncategorized"],"acf":[],"yoast_head":"<!-- This site is optimized with the Yoast SEO plugin v27.3 - https:\/\/yoast.com\/product\/yoast-seo-wordpress\/ -->\n<title>Not to be missed this summer! - Camping du Goulet<\/title>\n<meta name=\"description\" content=\"D\u00e9couvrez toute l&#039;actualit\u00e9 du camping du goulet \u00e0 Brest !\" \/>\n<meta name=\"robots\" content=\"index, follow, max-snippet:-1, max-image-preview:large, max-video-preview:-1\" \/>\n<link rel=\"canonical\" href=\"https:\/\/www.campingdugoulet.fr\/en\/not-to-be-missed-this-summer\/\" \/>\n<meta property=\"og:locale\" content=\"en_US\" \/>\n<meta property=\"og:type\" content=\"article\" \/>\n<meta property=\"og:title\" content=\"Not to be missed this summer! - Camping du Goulet\" \/>\n<meta property=\"og:description\" content=\"D\u00e9couvrez toute l&#039;actualit\u00e9 du camping du goulet \u00e0 Brest !\" \/>\n<meta property=\"og:url\" content=\"https:\/\/www.campingdugoulet.fr\/en\/not-to-be-missed-this-summer\/\" \/>\n<meta property=\"og:site_name\" content=\"Camping du Goulet\" \/>\n<meta property=\"article:publisher\" content=\"https:\/\/fr-fr.facebook.com\/camping.bretagne.goulet\" \/>\n<meta property=\"article:published_time\" content=\"2023-02-20T13:12:34+00:00\" \/>\n<meta property=\"article:modified_time\" content=\"2024-07-26T12:55:48+00:00\" \/>\n<meta property=\"og:image\" content=\"https:\/\/www.campingdugoulet.fr\/wp-content\/uploads\/guide-brest.jpeg\" \/>\n\t<meta property=\"og:image:width\" content=\"1650\" \/>\n\t<meta property=\"og:image:height\" content=\"640\" \/>\n\t<meta property=\"og:image:type\" content=\"image\/jpeg\" \/>\n<meta name=\"author\" content=\"Flibustiers01\" \/>\n<meta name=\"twitter:card\" content=\"summary_large_image\" \/>\n<meta name=\"twitter:label1\" content=\"Written by\" \/>\n\t<meta name=\"twitter:data1\" content=\"Flibustiers01\" \/>\n\t<meta name=\"twitter:label2\" content=\"Est. reading time\" \/>\n\t<meta name=\"twitter:data2\" content=\"4 minutes\" \/>\n<script type=\"application\/ld+json\" class=\"yoast-schema-graph\">{\"@context\":\"https:\\\/\\\/schema.org\",\"@graph\":[{\"@type\":\"Article\",\"@id\":\"https:\\\/\\\/www.campingdugoulet.fr\\\/en\\\/not-to-be-missed-this-summer\\\/#article\",\"isPartOf\":{\"@id\":\"https:\\\/\\\/www.campingdugoulet.fr\\\/en\\\/not-to-be-missed-this-summer\\\/\"},\"author\":{\"name\":\"Flibustiers01\",\"@id\":\"https:\\\/\\\/www.campingdugoulet.fr\\\/en\\\/#\\\/schema\\\/person\\\/279b806163db788d6741ef67b0225f2c\"},\"headline\":\"Not to be missed this summer!\",\"datePublished\":\"2023-02-20T13:12:34+00:00\",\"dateModified\":\"2024-07-26T12:55:48+00:00\",\"mainEntityOfPage\":{\"@id\":\"https:\\\/\\\/www.campingdugoulet.fr\\\/en\\\/not-to-be-missed-this-summer\\\/\"},\"wordCount\":878,\"publisher\":{\"@id\":\"https:\\\/\\\/www.campingdugoulet.fr\\\/en\\\/#organization\"},\"image\":{\"@id\":\"https:\\\/\\\/www.campingdugoulet.fr\\\/en\\\/not-to-be-missed-this-summer\\\/#primaryimage\"},\"thumbnailUrl\":\"https:\\\/\\\/www.campingdugoulet.fr\\\/wp-content\\\/uploads\\\/guide-brest.jpeg\",\"inLanguage\":\"en-US\"},{\"@type\":\"WebPage\",\"@id\":\"https:\\\/\\\/www.campingdugoulet.fr\\\/en\\\/not-to-be-missed-this-summer\\\/\",\"url\":\"https:\\\/\\\/www.campingdugoulet.fr\\\/en\\\/not-to-be-missed-this-summer\\\/\",\"name\":\"Not to be missed this summer! - Camping du Goulet\",\"isPartOf\":{\"@id\":\"https:\\\/\\\/www.campingdugoulet.fr\\\/en\\\/#website\"},\"primaryImageOfPage\":{\"@id\":\"https:\\\/\\\/www.campingdugoulet.fr\\\/en\\\/not-to-be-missed-this-summer\\\/#primaryimage\"},\"image\":{\"@id\":\"https:\\\/\\\/www.campingdugoulet.fr\\\/en\\\/not-to-be-missed-this-summer\\\/#primaryimage\"},\"thumbnailUrl\":\"https:\\\/\\\/www.campingdugoulet.fr\\\/wp-content\\\/uploads\\\/guide-brest.jpeg\",\"datePublished\":\"2023-02-20T13:12:34+00:00\",\"dateModified\":\"2024-07-26T12:55:48+00:00\",\"description\":\"D\u00e9couvrez toute l'actualit\u00e9 du camping du goulet \u00e0 Brest !\",\"breadcrumb\":{\"@id\":\"https:\\\/\\\/www.campingdugoulet.fr\\\/en\\\/not-to-be-missed-this-summer\\\/#breadcrumb\"},\"inLanguage\":\"en-US\",\"potentialAction\":[{\"@type\":\"ReadAction\",\"target\":[\"https:\\\/\\\/www.campingdugoulet.fr\\\/en\\\/not-to-be-missed-this-summer\\\/\"]}]},{\"@type\":\"ImageObject\",\"inLanguage\":\"en-US\",\"@id\":\"https:\\\/\\\/www.campingdugoulet.fr\\\/en\\\/not-to-be-missed-this-summer\\\/#primaryimage\",\"url\":\"https:\\\/\\\/www.campingdugoulet.fr\\\/wp-content\\\/uploads\\\/guide-brest.jpeg\",\"contentUrl\":\"https:\\\/\\\/www.campingdugoulet.fr\\\/wp-content\\\/uploads\\\/guide-brest.jpeg\",\"width\":1650,\"height\":640},{\"@type\":\"BreadcrumbList\",\"@id\":\"https:\\\/\\\/www.campingdugoulet.fr\\\/en\\\/not-to-be-missed-this-summer\\\/#breadcrumb\",\"itemListElement\":[{\"@type\":\"ListItem\",\"position\":1,\"name\":\"Accueil\",\"item\":\"https:\\\/\\\/www.campingdugoulet.fr\\\/en\\\/home-new\\\/\"},{\"@type\":\"ListItem\",\"position\":2,\"name\":\"Not to be missed this summer!\"}]},{\"@type\":\"WebSite\",\"@id\":\"https:\\\/\\\/www.campingdugoulet.fr\\\/en\\\/#website\",\"url\":\"https:\\\/\\\/www.campingdugoulet.fr\\\/en\\\/\",\"name\":\"Camping du Goulet\",\"description\":\"Camping 4 \u00e9toiles \u00e0 Brest, \u00e0 la pointe du Finist\u00e8re\",\"publisher\":{\"@id\":\"https:\\\/\\\/www.campingdugoulet.fr\\\/en\\\/#organization\"},\"potentialAction\":[{\"@type\":\"SearchAction\",\"target\":{\"@type\":\"EntryPoint\",\"urlTemplate\":\"https:\\\/\\\/www.campingdugoulet.fr\\\/en\\\/?s={search_term_string}\"},\"query-input\":{\"@type\":\"PropertyValueSpecification\",\"valueRequired\":true,\"valueName\":\"search_term_string\"}}],\"inLanguage\":\"en-US\"},{\"@type\":\"Organization\",\"@id\":\"https:\\\/\\\/www.campingdugoulet.fr\\\/en\\\/#organization\",\"name\":\"Camping Du Goulet\",\"url\":\"https:\\\/\\\/www.campingdugoulet.fr\\\/en\\\/\",\"logo\":{\"@type\":\"ImageObject\",\"inLanguage\":\"en-US\",\"@id\":\"https:\\\/\\\/www.campingdugoulet.fr\\\/en\\\/#\\\/schema\\\/logo\\\/image\\\/\",\"url\":\"https:\\\/\\\/www.campingdugoulet.fr\\\/wp-content\\\/uploads\\\/camping-finistere.png\",\"contentUrl\":\"https:\\\/\\\/www.campingdugoulet.fr\\\/wp-content\\\/uploads\\\/camping-finistere.png\",\"width\":190,\"height\":100,\"caption\":\"Camping Du Goulet\"},\"image\":{\"@id\":\"https:\\\/\\\/www.campingdugoulet.fr\\\/en\\\/#\\\/schema\\\/logo\\\/image\\\/\"},\"sameAs\":[\"https:\\\/\\\/fr-fr.facebook.com\\\/camping.bretagne.goulet\",\"https:\\\/\\\/www.instagram.com\\\/campingdugoulet\\\/?hl=fr\"]},{\"@type\":\"Person\",\"@id\":\"https:\\\/\\\/www.campingdugoulet.fr\\\/en\\\/#\\\/schema\\\/person\\\/279b806163db788d6741ef67b0225f2c\",\"name\":\"Flibustiers01\",\"image\":{\"@type\":\"ImageObject\",\"inLanguage\":\"en-US\",\"@id\":\"https:\\\/\\\/secure.gravatar.com\\\/avatar\\\/264cd54c16050b5432eb9b5544249f384b0c7547448c9d703aced96cbbbd5ddd?s=96&d=mm&r=g\",\"url\":\"https:\\\/\\\/secure.gravatar.com\\\/avatar\\\/264cd54c16050b5432eb9b5544249f384b0c7547448c9d703aced96cbbbd5ddd?s=96&d=mm&r=g\",\"contentUrl\":\"https:\\\/\\\/secure.gravatar.com\\\/avatar\\\/264cd54c16050b5432eb9b5544249f384b0c7547448c9d703aced96cbbbd5ddd?s=96&d=mm&r=g\",\"caption\":\"Flibustiers01\"},\"sameAs\":[\"http:\\\/\\\/www.campingdugoulet.fr\"]}]}<\/script>\n<!-- \/ Yoast SEO plugin. -->","yoast_head_json":{"title":"Not to be missed this summer! - Camping du Goulet","description":"D\u00e9couvrez toute l'actualit\u00e9 du camping du goulet \u00e0 Brest !","robots":{"index":"index","follow":"follow","max-snippet":"max-snippet:-1","max-image-preview":"max-image-preview:large","max-video-preview":"max-video-preview:-1"},"canonical":"https:\/\/www.campingdugoulet.fr\/en\/not-to-be-missed-this-summer\/","og_locale":"en_US","og_type":"article","og_title":"Not to be missed this summer! - Camping du Goulet","og_description":"D\u00e9couvrez toute l'actualit\u00e9 du camping du goulet \u00e0 Brest !","og_url":"https:\/\/www.campingdugoulet.fr\/en\/not-to-be-missed-this-summer\/","og_site_name":"Camping du Goulet","article_publisher":"https:\/\/fr-fr.facebook.com\/camping.bretagne.goulet","article_published_time":"2023-02-20T13:12:34+00:00","article_modified_time":"2024-07-26T12:55:48+00:00","og_image":[{"width":1650,"height":640,"url":"https:\/\/www.campingdugoulet.fr\/wp-content\/uploads\/guide-brest.jpeg","type":"image\/jpeg"}],"author":"Flibustiers01","twitter_card":"summary_large_image","twitter_misc":{"Written by":"Flibustiers01","Est. reading time":"4 minutes"},"schema":{"@context":"https:\/\/schema.org","@graph":[{"@type":"Article","@id":"https:\/\/www.campingdugoulet.fr\/en\/not-to-be-missed-this-summer\/#article","isPartOf":{"@id":"https:\/\/www.campingdugoulet.fr\/en\/not-to-be-missed-this-summer\/"},"author":{"name":"Flibustiers01","@id":"https:\/\/www.campingdugoulet.fr\/en\/#\/schema\/person\/279b806163db788d6741ef67b0225f2c"},"headline":"Not to be missed this summer!","datePublished":"2023-02-20T13:12:34+00:00","dateModified":"2024-07-26T12:55:48+00:00","mainEntityOfPage":{"@id":"https:\/\/www.campingdugoulet.fr\/en\/not-to-be-missed-this-summer\/"},"wordCount":878,"publisher":{"@id":"https:\/\/www.campingdugoulet.fr\/en\/#organization"},"image":{"@id":"https:\/\/www.campingdugoulet.fr\/en\/not-to-be-missed-this-summer\/#primaryimage"},"thumbnailUrl":"https:\/\/www.campingdugoulet.fr\/wp-content\/uploads\/guide-brest.jpeg","inLanguage":"en-US"},{"@type":"WebPage","@id":"https:\/\/www.campingdugoulet.fr\/en\/not-to-be-missed-this-summer\/","url":"https:\/\/www.campingdugoulet.fr\/en\/not-to-be-missed-this-summer\/","name":"Not to be missed this summer! - Camping du Goulet","isPartOf":{"@id":"https:\/\/www.campingdugoulet.fr\/en\/#website"},"primaryImageOfPage":{"@id":"https:\/\/www.campingdugoulet.fr\/en\/not-to-be-missed-this-summer\/#primaryimage"},"image":{"@id":"https:\/\/www.campingdugoulet.fr\/en\/not-to-be-missed-this-summer\/#primaryimage"},"thumbnailUrl":"https:\/\/www.campingdugoulet.fr\/wp-content\/uploads\/guide-brest.jpeg","datePublished":"2023-02-20T13:12:34+00:00","dateModified":"2024-07-26T12:55:48+00:00","description":"D\u00e9couvrez toute l'actualit\u00e9 du camping du goulet \u00e0 Brest !","breadcrumb":{"@id":"https:\/\/www.campingdugoulet.fr\/en\/not-to-be-missed-this-summer\/#breadcrumb"},"inLanguage":"en-US","potentialAction":[{"@type":"ReadAction","target":["https:\/\/www.campingdugoulet.fr\/en\/not-to-be-missed-this-summer\/"]}]},{"@type":"ImageObject","inLanguage":"en-US","@id":"https:\/\/www.campingdugoulet.fr\/en\/not-to-be-missed-this-summer\/#primaryimage","url":"https:\/\/www.campingdugoulet.fr\/wp-content\/uploads\/guide-brest.jpeg","contentUrl":"https:\/\/www.campingdugoulet.fr\/wp-content\/uploads\/guide-brest.jpeg","width":1650,"height":640},{"@type":"BreadcrumbList","@id":"https:\/\/www.campingdugoulet.fr\/en\/not-to-be-missed-this-summer\/#breadcrumb","itemListElement":[{"@type":"ListItem","position":1,"name":"Accueil","item":"https:\/\/www.campingdugoulet.fr\/en\/home-new\/"},{"@type":"ListItem","position":2,"name":"Not to be missed this summer!"}]},{"@type":"WebSite","@id":"https:\/\/www.campingdugoulet.fr\/en\/#website","url":"https:\/\/www.campingdugoulet.fr\/en\/","name":"Camping du Goulet","description":"Camping 4 \u00e9toiles \u00e0 Brest, \u00e0 la pointe du Finist\u00e8re","publisher":{"@id":"https:\/\/www.campingdugoulet.fr\/en\/#organization"},"potentialAction":[{"@type":"SearchAction","target":{"@type":"EntryPoint","urlTemplate":"https:\/\/www.campingdugoulet.fr\/en\/?s={search_term_string}"},"query-input":{"@type":"PropertyValueSpecification","valueRequired":true,"valueName":"search_term_string"}}],"inLanguage":"en-US"},{"@type":"Organization","@id":"https:\/\/www.campingdugoulet.fr\/en\/#organization","name":"Camping Du Goulet","url":"https:\/\/www.campingdugoulet.fr\/en\/","logo":{"@type":"ImageObject","inLanguage":"en-US","@id":"https:\/\/www.campingdugoulet.fr\/en\/#\/schema\/logo\/image\/","url":"https:\/\/www.campingdugoulet.fr\/wp-content\/uploads\/camping-finistere.png","contentUrl":"https:\/\/www.campingdugoulet.fr\/wp-content\/uploads\/camping-finistere.png","width":190,"height":100,"caption":"Camping Du Goulet"},"image":{"@id":"https:\/\/www.campingdugoulet.fr\/en\/#\/schema\/logo\/image\/"},"sameAs":["https:\/\/fr-fr.facebook.com\/camping.bretagne.goulet","https:\/\/www.instagram.com\/campingdugoulet\/?hl=fr"]},{"@type":"Person","@id":"https:\/\/www.campingdugoulet.fr\/en\/#\/schema\/person\/279b806163db788d6741ef67b0225f2c","name":"Flibustiers01","image":{"@type":"ImageObject","inLanguage":"en-US","@id":"https:\/\/secure.gravatar.com\/avatar\/264cd54c16050b5432eb9b5544249f384b0c7547448c9d703aced96cbbbd5ddd?s=96&d=mm&r=g","url":"https:\/\/secure.gravatar.com\/avatar\/264cd54c16050b5432eb9b5544249f384b0c7547448c9d703aced96cbbbd5ddd?s=96&d=mm&r=g","contentUrl":"https:\/\/secure.gravatar.com\/avatar\/264cd54c16050b5432eb9b5544249f384b0c7547448c9d703aced96cbbbd5ddd?s=96&d=mm&r=g","caption":"Flibustiers01"},"sameAs":["http:\/\/www.campingdugoulet.fr"]}]}},"_links":{"self":[{"href":"https:\/\/www.campingdugoulet.fr\/en\/wp-json\/wp\/v2\/posts\/2851","targetHints":{"allow":["GET"]}}],"collection":[{"href":"https:\/\/www.campingdugoulet.fr\/en\/wp-json\/wp\/v2\/posts"}],"about":[{"href":"https:\/\/www.campingdugoulet.fr\/en\/wp-json\/wp\/v2\/types\/post"}],"author":[{"embeddable":true,"href":"https:\/\/www.campingdugoulet.fr\/en\/wp-json\/wp\/v2\/users\/2"}],"replies":[{"embeddable":true,"href":"https:\/\/www.campingdugoulet.fr\/en\/wp-json\/wp\/v2\/comments?post=2851"}],"version-history":[{"count":9,"href":"https:\/\/www.campingdugoulet.fr\/en\/wp-json\/wp\/v2\/posts\/2851\/revisions"}],"predecessor-version":[{"id":6425,"href":"https:\/\/www.campingdugoulet.fr\/en\/wp-json\/wp\/v2\/posts\/2851\/revisions\/6425"}],"wp:featuredmedia":[{"embeddable":true,"href":"https:\/\/www.campingdugoulet.fr\/en\/wp-json\/wp\/v2\/media\/1419"}],"wp:attachment":[{"href":"https:\/\/www.campingdugoulet.fr\/en\/wp-json\/wp\/v2\/media?parent=2851"}],"wp:term":[{"taxonomy":"category","embeddable":true,"href":"https:\/\/www.campingdugoulet.fr\/en\/wp-json\/wp\/v2\/categories?post=2851"},{"taxonomy":"post_tag","embeddable":true,"href":"https:\/\/www.campingdugoulet.fr\/en\/wp-json\/wp\/v2\/tags?post=2851"}],"curies":[{"name":"wp","href":"https:\/\/api.w.org\/{rel}","templated":true}]}}