{"id":2844,"date":"2023-02-20T14:12:34","date_gmt":"2023-02-20T13:12:34","guid":{"rendered":"http:\/\/www.campingdugoulet.fr\/diesen-sommer-nicht-verpassen\/"},"modified":"2024-07-26T14:55:51","modified_gmt":"2024-07-26T12:55:51","slug":"diesen-sommer-nicht-verpassen","status":"publish","type":"post","link":"https:\/\/www.campingdugoulet.fr\/de\/diesen-sommer-nicht-verpassen\/","title":{"rendered":"Diesen Sommer nicht verpassen!"},"content":{"rendered":"\n<h2 class=\"wp-block-heading\"><strong>Festival d&#8217;Armor, <sup>39<\/sup>. Ausgabe<\/strong><\/h2>\n\n<div class=\"wp-block-columns is-layout-flex wp-container-core-columns-is-layout-9d6595d7 wp-block-columns-is-layout-flex\">\n<div class=\"wp-block-column is-vertically-aligned-center is-layout-flow wp-block-column-is-layout-flow\" style=\"flex-basis:50%\">\n<p>W\u00e4hrend des Pfingstwochenendes, vom 27. bis 29. Mai 2023, findet das Festival d&#8217;Armor zum <sup>39<\/sup>. Mal statt! Ein internationales Fu\u00dfballturnier, das in der Region nicht fehlen darf. Eine Zeit des Teilens, der Begegnung und des Sports w\u00e4hrend des dreit\u00e4gigen Turniers. Der Campingplatz Le Goulet ist seit vielen Jahren Partner des Festivals und empf\u00e4ngt jedes Jahr verschiedene Mannschaften, die an dem Sportereignis teilnehmen.<\/p>\n<\/div>\n\n\n\n<div class=\"wp-block-column is-layout-flow wp-block-column-is-layout-flow\" style=\"flex-basis:50%\">\n<figure class=\"wp-block-image size-full is-style-rounded\"><img loading=\"lazy\" decoding=\"async\" width=\"960\" height=\"640\" src=\"https:\/\/www.campingdugoulet.fr\/wp-content\/uploads\/foot-festival-armor.jpg\" alt=\"foot festival armor\" class=\"wp-image-1187\" srcset=\"https:\/\/www.campingdugoulet.fr\/wp-content\/uploads\/foot-festival-armor.jpg 960w, https:\/\/www.campingdugoulet.fr\/wp-content\/uploads\/foot-festival-armor-480x320.jpg 480w\" sizes=\"(min-width: 0px) and (max-width: 480px) 480px, (min-width: 481px) 960px, 100vw\" \/><\/figure><\/div>\n<\/div>\n\n<h2 class=\"wp-block-heading\"><strong>17. Ausgabe des Trail du Bout du Monde<\/strong><\/h2>\n\n<div class=\"wp-block-columns is-layout-flex wp-container-core-columns-is-layout-9d6595d7 wp-block-columns-is-layout-flex\">\n<div class=\"wp-block-column is-layout-flow wp-block-column-is-layout-flow\">\n<figure class=\"wp-block-image size-full is-style-rounded\"><img loading=\"lazy\" decoding=\"async\" width=\"478\" height=\"269\" src=\"https:\/\/www.campingdugoulet.fr\/wp-content\/uploads\/trail-bout-du-monde-edited-1.jpg\" alt=\"trail bout du monde\" class=\"wp-image-1207\" srcset=\"https:\/\/www.campingdugoulet.fr\/wp-content\/uploads\/trail-bout-du-monde-edited-1.jpg 478w, https:\/\/www.campingdugoulet.fr\/wp-content\/uploads\/trail-bout-du-monde-edited-1-300x169.jpg 300w\" sizes=\"(max-width: 478px) 100vw, 478px\" \/><\/figure><\/div>\n\n\n\n<div class=\"wp-block-column is-vertically-aligned-center is-layout-flow wp-block-column-is-layout-flow\">\n<p><strong>Ein Rennen mit Blick auf den Ozean am Ende der Welt! <\/strong>Auf den verschiedenen Strecken k\u00f6nnen Sie die herrliche <a href=\"https:\/\/www.tourismebretagne.com\/destinations\/les-10-destinations\/brest-terres-oceanes\/la-pointe-saint-mathieu\/\" target=\"_blank\" rel=\"noreferrer noopener\">Pointe Saint-Mathieu<\/a>, den Leuchtturm <a href=\"https:\/\/www.youtube.com\/watch?v=R7HlC51UkBg\" target=\"_blank\" rel=\"noreferrer noopener\">von Kermorvan<\/a>, die sch\u00f6ne Anse des <a href=\"https:\/\/www.tourismebretagne.com\/offres\/plage-des-blancs-sablons-le-conquet-fr-1994205\/\" target=\"_blank\" rel=\"noreferrer noopener\">Blancs Sablons<\/a>, den Leuchtturm von Petit Minou und das Fort de Bertheaume entdecken. Ein echtes Eintauchen in die Finist\u00e8re! Unser Campingplatz befindet sich am westlichen Eingang von Brest und ist ideal f\u00fcr die Starts der 37km und 57km gelegen (10 Autominuten vom Velodrom in Plouzan\u00e9). Weitere Informationen unter: https: <a href=\"https:\/\/www.trailduboutdumonde.com\/\">\/\/www.trailduboutdumonde.com\/<\/a><\/p>\n<\/div>\n<\/div>\n\n<div class=\"wp-block-group is-layout-constrained wp-block-group-is-layout-constrained\"><\/div>\n\n<h2 class=\"wp-block-heading\"><strong>Mittelalterliches Festival in Saint Renan<\/strong><\/h2>\n\n<div class=\"wp-block-columns is-layout-flex wp-container-core-columns-is-layout-9d6595d7 wp-block-columns-is-layout-flex\">\n<div class=\"wp-block-column is-layout-flow wp-block-column-is-layout-flow\">\n<p>H\u00f6rt, h\u00f6rt, das Mittelalterfestival in Saint Renan ist am 15. und 16. Juli 2023 wieder da! Es ist ein gro\u00dfer Moment des Teilens, der Auff\u00fchrungen, des Lachens und der Emotionen. Ein einzigartiger Moment, der ein breites, generations\u00fcbergreifendes Publikum rund um seine Geschichte und das kulturelle Erbe der Bretagne zusammenbringt.<\/p>\n\n\n\n<p>In dieser neuen Ausgabe tauchen Sie in das Herz des Theaters, der M\u00e4rchen und Fabeln ein. Kommen Sie zahlreich, um unsere Herzogin und K\u00f6nigin Anne von der Bretagne und unseren K\u00f6nig Ludwig XII. bei ihrem Besuch in Saint-Renan zu begr\u00fc\u00dfen und zu ehren.<br\/>Auf jedem Platz sind die B\u00f6cke aufgestellt. Lachen Sie in einer Gasse \u00fcber die Fabliaux, bei denen jedes Wort zu Ihrem Vergn\u00fcgen gew\u00e4hlt wird, lassen Sie sich von einem M\u00e4rchen einlullen, von den Troubadouren mitrei\u00dfen, schlendern Sie \u00fcber den Markt und staunen Sie \u00fcber die Feuershow!  <\/p>\n\n\n\n<p>Der Zugang zum Gel\u00e4nde und zur Stra\u00dfenanimation ist v\u00f6llig frei und kostenlos. Diese Entscheidung f\u00fcr einen Zugang f\u00fcr alle ist der erkl\u00e4rte Wille, ein Volks-, Familien- und geselliges Fest zu veranstalten.<\/p>\n\n\n\n<p>Was Sie an den beiden Festtagen erwartet :<\/p>\n<\/div>\n\n\n\n<div class=\"wp-block-column is-layout-flow wp-block-column-is-layout-flow\">\n<figure class=\"wp-block-image size-full is-style-rounded\"><img loading=\"lazy\" decoding=\"async\" width=\"960\" height=\"638\" src=\"https:\/\/www.campingdugoulet.fr\/wp-content\/uploads\/festival-medieval-st-renan.jpg\" alt=\"mittelalterliches festival st renan\" class=\"wp-image-1183\" srcset=\"https:\/\/www.campingdugoulet.fr\/wp-content\/uploads\/festival-medieval-st-renan.jpg 960w, https:\/\/www.campingdugoulet.fr\/wp-content\/uploads\/festival-medieval-st-renan-480x319.jpg 480w\" sizes=\"(min-width: 0px) and (max-width: 480px) 480px, (min-width: 481px) 960px, 100vw\" \/><\/figure><\/div>\n<\/div>\n\n<div class=\"wp-block-columns is-layout-flex wp-container-core-columns-is-layout-9d6595d7 wp-block-columns-is-layout-flex\">\n<div class=\"wp-block-column is-layout-flow wp-block-column-is-layout-flow\">\n<p>&#8211; Theater, M\u00e4rchen und Fabeln, in jeder Ecke des Festes<\/p>\n\n\n\n<p>&#8211; 5 Paraden, darunter eine mit 600 kost\u00fcmierten Personen<\/p>\n\n\n\n<p>&#8211; Feuershow und Abbrennen des Sees von Ty-Colo<\/p>\n\n\n\n<p>&#8211; Mittelalterlicher Ball<\/p>\n\n\n\n<p>&#8211; Konzerte in der Kirche Notre Dame und in der Kapelle Saint-Yves<\/p>\n\n\n\n<p>&#8211; Mittelalterliches Bankett<\/p>\n\n\n\n<p>&#8211; Mittelalterlicher Markt<\/p>\n<\/div>\n\n\n\n<div class=\"wp-block-column is-layout-flow wp-block-column-is-layout-flow\">\n<p>&#8211; Reitturniere und -wettk\u00e4mpfe<\/p>\n\n\n\n<p>&#8211; Lager und Waffenmenschen<\/p>\n\n\n\n<p>&#8211; Ausstellungen in der Mediathek<\/p>\n\n\n\n<p>&#8211; Verpflegung und Getr\u00e4nke vor Ort<\/p>\n\n\n\n<p>Machen Sie einen Sprung in die Geschichte bei diesem magischen Festival, das nur 15 Autominuten von unserem Campingplatz entfernt liegt!<\/p>\n<\/div>\n<\/div>\n\n<p><\/p>\n\n<h2 class=\"wp-block-heading\"><strong>7. Ausgabe von Esti&#8217;vent, Festival des Windes und des Drachens<\/strong><\/h2>\n\n<div class=\"wp-block-columns is-layout-flex wp-container-core-columns-is-layout-9d6595d7 wp-block-columns-is-layout-flex\">\n<div class=\"wp-block-column is-layout-flow wp-block-column-is-layout-flow\">\n<figure class=\"wp-block-image size-full is-style-rounded\"><img loading=\"lazy\" decoding=\"async\" width=\"960\" height=\"640\" src=\"https:\/\/www.campingdugoulet.fr\/wp-content\/uploads\/estivent.jpg\" alt=\"sommern\" class=\"wp-image-1186\" srcset=\"https:\/\/www.campingdugoulet.fr\/wp-content\/uploads\/estivent.jpg 960w, https:\/\/www.campingdugoulet.fr\/wp-content\/uploads\/estivent-480x320.jpg 480w\" sizes=\"(min-width: 0px) and (max-width: 480px) 480px, (min-width: 481px) 960px, 100vw\" \/><\/figure><\/div>\n\n\n\n<div class=\"wp-block-column is-layout-flow wp-block-column-is-layout-flow\">\n<p>Der Esti&#8217;vent wird am 22. und 23. Juli 2023 in Porspoder stattfinden. Es ist ein originelles, dynamisches und geselliges Fest, das seit 2016 jedes Jahr stattfindet. Eine tolle Idee f\u00fcr einen Ausflug zu einem Thema, das die Umwelt, das lokale Naturerbe und die Gemeinde Porspoder hervorhebt.<\/p>\n\n\n\n<p>Das sind mehr als hundert Drachen: statische und akrobatische, Akrobatikwettbewerbe, die Anwesenheit von franz\u00f6sischen und Weltmeistern in dieser Disziplin und Wettk\u00e4mpfer verschiedener Nationalit\u00e4ten (Franzosen, Italiener, Belgier, Holl\u00e4nder&#8230;).<\/p>\n\n\n\n<p>Esti-vent ist auch ein belebter Ort: die D\u00fcnen rund um die Multifunktionshalle am Rande der Halbinsel Saint-Laurent, unter Ber\u00fccksichtigung der Schutzgebiete, f\u00fcr einen freundlichen Empfang mit verschiedenen Attraktionen f\u00fcr das Interesse aller Teilnehmer und Zuschauer. Au\u00dferdem finden Sie dort :<\/p>\n<\/div>\n<\/div>\n\n<p><\/p>\n\n<p>&#8211; Lokale H\u00e4ndler und Handwerker, die Ihnen ihre Produkte und ihre k\u00fcnstlerische Produktion anbieten, so dass Sie mit sch\u00f6nen Souvenirs nach Hause gehen k\u00f6nnen.<\/p>\n\n<p>&#8211; Spiele f\u00fcr Kinder: Man muss sich austoben, schreien, springen, rutschen, Spa\u00df haben!<\/p>\n\n<p>&#8211; Workshops: Um seinen eigenen Drachen zu basteln, ihn zu dekorieren, ihm eine pers\u00f6nliche Note zu verleihen, sp\u00e4ter wieder einen Drachen bauen zu k\u00f6nnen und vielleicht im n\u00e4chsten Jahr mit seiner tollen Kreation wiederzukommen!<\/p>\n\n<p>&#8211; Essbereiche<\/p>\n\n<p>&#8211; Und achten Sie auf den M\u00fcll! Die D\u00fcnen sind ein gesch\u00fctzter Raum: Wir m\u00fcssen ihn pflegen.<\/p>\n\n<h2 class=\"wp-block-heading\"><strong>F\u00eate des Go\u00e9moniers (Fest der Seefahrer) in Plouguerneau<\/strong><\/h2>\n\n<div class=\"wp-block-columns is-layout-flex wp-container-core-columns-is-layout-9d6595d7 wp-block-columns-is-layout-flex\">\n<div class=\"wp-block-column is-vertically-aligned-center is-layout-flow wp-block-column-is-layout-flow\">\n<p>Seit 1983 versammeln sich die Freiwilligen des Vereins Karreg-Hir in Konstanten auf den D\u00fcnen von Penn-Enez und im Streik, um den Beruf des Seegrasbauern aus den Jahren 1920-1950 nachzustellen. Erleben Sie das goldene Zeitalter der Tangfischerei bei diesem 36.<br\/><br\/>Diese Nachstellung des &#8222;Sodaschneidens&#8220; soll dem Publikum die Gesamtheit der mit der Algenernte verbundenen T\u00e4tigkeit entlang einer markierten und erkl\u00e4rten Route n\u00e4her bringen. Vom Schneiden auf See mithilfe von Guillotinen \u00fcber das Anlanden des Seetangs im Karren, das Trocknen, Aufschichten und Verbrennen in den Sodafabriken bis hin zur Abfahrt der Sodabrote zur Fabrik.<br\/><br\/>Sie werden auch St\u00e4nde mit Algenprodukten entdecken und vor Ort Bar, Kaffee, Cr\u00eapes, Eis, Austern finden&#8230;<br\/>Denken Sie auch an einen Besuch des \u00d6komuseums der Seegrasz\u00fcchter und der Algen!<\/p>\n\n\n\n<p>Sonntag, 20. August 2023, von 14.00 bis 18.00 Uhr.<\/p>\n<\/div>\n\n\n\n<div class=\"wp-block-column is-layout-flow wp-block-column-is-layout-flow\">\n<figure class=\"wp-block-image size-full is-style-rounded\"><img loading=\"lazy\" decoding=\"async\" width=\"638\" height=\"638\" src=\"https:\/\/www.campingdugoulet.fr\/wp-content\/uploads\/fete-goemoniers-edited-1.jpg\" alt=\"Goemoniers-Fest\" class=\"wp-image-1211\" srcset=\"https:\/\/www.campingdugoulet.fr\/wp-content\/uploads\/fete-goemoniers-edited-1.jpg 638w, https:\/\/www.campingdugoulet.fr\/wp-content\/uploads\/fete-goemoniers-edited-1-480x480.jpg 480w\" sizes=\"(min-width: 0px) and (max-width: 480px) 480px, (min-width: 481px) 638px, 100vw\" \/><\/figure><\/div>\n<\/div>\n\n<p><\/p>\n\n<h2 class=\"wp-block-heading\"><strong>Die Foire Saint-Michel in Brest<\/strong><\/h2>\n\n<div class=\"wp-block-columns is-layout-flex wp-container-core-columns-is-layout-9d6595d7 wp-block-columns-is-layout-flex\">\n<div class=\"wp-block-column is-layout-flow wp-block-column-is-layout-flow\">\n<figure class=\"wp-block-image size-full is-style-rounded\"><img loading=\"lazy\" decoding=\"async\" width=\"641\" height=\"304\" src=\"https:\/\/www.campingdugoulet.fr\/wp-content\/uploads\/foire-st-michel.jpg\" alt=\"Michaelismesse\" class=\"wp-image-1185\" srcset=\"https:\/\/www.campingdugoulet.fr\/wp-content\/uploads\/foire-st-michel.jpg 641w, https:\/\/www.campingdugoulet.fr\/wp-content\/uploads\/foire-st-michel-480x228.jpg 480w\" sizes=\"(min-width: 0px) and (max-width: 480px) 480px, (min-width: 481px) 641px, 100vw\" \/><\/figure><\/div>\n\n\n\n<div class=\"wp-block-column is-vertically-aligned-center is-layout-flow wp-block-column-is-layout-flow\">\n<p>Am 23. und 24. September bietet Ihnen die Messe Saint Michel die Gelegenheit, die Stadt Bremen mit ihren G\u00e4rten, Boulevards und dem Stadtzentrum zu entdecken oder wiederzuentdecken. Es ist ein unumg\u00e4ngliches Ereignis in der Stadt des Ponant. Hier finden Sie die gro\u00dfe Braderie der Bremer H\u00e4ndler, einen gro\u00dfen Tr\u00f6delmarkt von Privatleuten sowie einen Jahrmarkt.<\/p>\n<\/div>\n<\/div>\n\n<p><\/p>\n","protected":false},"excerpt":{"rendered":"<p>Festival d&#8217;Armor, 39. Ausgabe W\u00e4hrend des Pfingstwochenendes, vom 27. bis 29. Mai 2023, findet das Festival d&#8217;Armor zum 39. Mal statt! Ein internationales Fu\u00dfballturnier, das in der Region nicht fehlen darf. Eine Zeit des Teilens, der Begegnung und des Sports w\u00e4hrend des dreit\u00e4gigen Turniers. Der Campingplatz Le Goulet ist seit vielen Jahren Partner des Festivals [&hellip;]<\/p>\n","protected":false},"author":2,"featured_media":1420,"comment_status":"closed","ping_status":"closed","sticky":false,"template":"","format":"standard","meta":{"_acf_changed":false,"_et_pb_use_builder":"off","_et_pb_old_content":"","_et_gb_content_width":"","inline_featured_image":false,"footnotes":""},"categories":[13],"tags":[],"class_list":["post-2844","post","type-post","status-publish","format-standard","has-post-thumbnail","hentry","category-unkategorisiert"],"acf":[],"yoast_head":"<!-- This site is optimized with the Yoast SEO plugin v27.3 - https:\/\/yoast.com\/product\/yoast-seo-wordpress\/ -->\n<title>Diesen Sommer nicht verpassen! - Camping du Goulet<\/title>\n<meta name=\"description\" content=\"D\u00e9couvrez toute l&#039;actualit\u00e9 du camping du goulet \u00e0 Brest !\" \/>\n<meta name=\"robots\" content=\"index, follow, max-snippet:-1, max-image-preview:large, max-video-preview:-1\" \/>\n<link rel=\"canonical\" href=\"https:\/\/www.campingdugoulet.fr\/de\/diesen-sommer-nicht-verpassen\/\" \/>\n<meta property=\"og:locale\" content=\"de_DE\" \/>\n<meta property=\"og:type\" content=\"article\" \/>\n<meta property=\"og:title\" content=\"Diesen Sommer nicht verpassen! - Camping du Goulet\" \/>\n<meta property=\"og:description\" content=\"D\u00e9couvrez toute l&#039;actualit\u00e9 du camping du goulet \u00e0 Brest !\" \/>\n<meta property=\"og:url\" content=\"https:\/\/www.campingdugoulet.fr\/de\/diesen-sommer-nicht-verpassen\/\" \/>\n<meta property=\"og:site_name\" content=\"Camping du Goulet\" \/>\n<meta property=\"article:publisher\" content=\"https:\/\/fr-fr.facebook.com\/camping.bretagne.goulet\" \/>\n<meta property=\"article:published_time\" content=\"2023-02-20T13:12:34+00:00\" \/>\n<meta property=\"article:modified_time\" content=\"2024-07-26T12:55:51+00:00\" \/>\n<meta property=\"og:image\" content=\"https:\/\/www.campingdugoulet.fr\/wp-content\/uploads\/guide-brest.jpeg\" \/>\n\t<meta property=\"og:image:width\" content=\"1650\" \/>\n\t<meta property=\"og:image:height\" content=\"640\" \/>\n\t<meta property=\"og:image:type\" content=\"image\/jpeg\" \/>\n<meta name=\"author\" content=\"Flibustiers01\" \/>\n<meta name=\"twitter:card\" content=\"summary_large_image\" \/>\n<meta name=\"twitter:label1\" content=\"Verfasst von\" \/>\n\t<meta name=\"twitter:data1\" content=\"Flibustiers01\" \/>\n\t<meta name=\"twitter:label2\" content=\"Gesch\u00e4tzte Lesezeit\" \/>\n\t<meta name=\"twitter:data2\" content=\"4\u00a0Minuten\" \/>\n<script type=\"application\/ld+json\" class=\"yoast-schema-graph\">{\"@context\":\"https:\\\/\\\/schema.org\",\"@graph\":[{\"@type\":\"Article\",\"@id\":\"https:\\\/\\\/www.campingdugoulet.fr\\\/de\\\/diesen-sommer-nicht-verpassen\\\/#article\",\"isPartOf\":{\"@id\":\"https:\\\/\\\/www.campingdugoulet.fr\\\/de\\\/diesen-sommer-nicht-verpassen\\\/\"},\"author\":{\"name\":\"Flibustiers01\",\"@id\":\"https:\\\/\\\/www.campingdugoulet.fr\\\/de\\\/#\\\/schema\\\/person\\\/279b806163db788d6741ef67b0225f2c\"},\"headline\":\"Diesen Sommer nicht verpassen!\",\"datePublished\":\"2023-02-20T13:12:34+00:00\",\"dateModified\":\"2024-07-26T12:55:51+00:00\",\"mainEntityOfPage\":{\"@id\":\"https:\\\/\\\/www.campingdugoulet.fr\\\/de\\\/diesen-sommer-nicht-verpassen\\\/\"},\"wordCount\":885,\"publisher\":{\"@id\":\"https:\\\/\\\/www.campingdugoulet.fr\\\/de\\\/#organization\"},\"image\":{\"@id\":\"https:\\\/\\\/www.campingdugoulet.fr\\\/de\\\/diesen-sommer-nicht-verpassen\\\/#primaryimage\"},\"thumbnailUrl\":\"https:\\\/\\\/www.campingdugoulet.fr\\\/wp-content\\\/uploads\\\/guide-brest.jpeg\",\"articleSection\":[\"Unkategorisiert\"],\"inLanguage\":\"de\"},{\"@type\":\"WebPage\",\"@id\":\"https:\\\/\\\/www.campingdugoulet.fr\\\/de\\\/diesen-sommer-nicht-verpassen\\\/\",\"url\":\"https:\\\/\\\/www.campingdugoulet.fr\\\/de\\\/diesen-sommer-nicht-verpassen\\\/\",\"name\":\"Diesen Sommer nicht verpassen! - Camping du Goulet\",\"isPartOf\":{\"@id\":\"https:\\\/\\\/www.campingdugoulet.fr\\\/de\\\/#website\"},\"primaryImageOfPage\":{\"@id\":\"https:\\\/\\\/www.campingdugoulet.fr\\\/de\\\/diesen-sommer-nicht-verpassen\\\/#primaryimage\"},\"image\":{\"@id\":\"https:\\\/\\\/www.campingdugoulet.fr\\\/de\\\/diesen-sommer-nicht-verpassen\\\/#primaryimage\"},\"thumbnailUrl\":\"https:\\\/\\\/www.campingdugoulet.fr\\\/wp-content\\\/uploads\\\/guide-brest.jpeg\",\"datePublished\":\"2023-02-20T13:12:34+00:00\",\"dateModified\":\"2024-07-26T12:55:51+00:00\",\"description\":\"D\u00e9couvrez toute l'actualit\u00e9 du camping du goulet \u00e0 Brest !\",\"breadcrumb\":{\"@id\":\"https:\\\/\\\/www.campingdugoulet.fr\\\/de\\\/diesen-sommer-nicht-verpassen\\\/#breadcrumb\"},\"inLanguage\":\"de\",\"potentialAction\":[{\"@type\":\"ReadAction\",\"target\":[\"https:\\\/\\\/www.campingdugoulet.fr\\\/de\\\/diesen-sommer-nicht-verpassen\\\/\"]}]},{\"@type\":\"ImageObject\",\"inLanguage\":\"de\",\"@id\":\"https:\\\/\\\/www.campingdugoulet.fr\\\/de\\\/diesen-sommer-nicht-verpassen\\\/#primaryimage\",\"url\":\"https:\\\/\\\/www.campingdugoulet.fr\\\/wp-content\\\/uploads\\\/guide-brest.jpeg\",\"contentUrl\":\"https:\\\/\\\/www.campingdugoulet.fr\\\/wp-content\\\/uploads\\\/guide-brest.jpeg\",\"width\":1650,\"height\":640},{\"@type\":\"BreadcrumbList\",\"@id\":\"https:\\\/\\\/www.campingdugoulet.fr\\\/de\\\/diesen-sommer-nicht-verpassen\\\/#breadcrumb\",\"itemListElement\":[{\"@type\":\"ListItem\",\"position\":1,\"name\":\"Accueil\",\"item\":\"https:\\\/\\\/www.campingdugoulet.fr\\\/de\\\/startseite-new\\\/\"},{\"@type\":\"ListItem\",\"position\":2,\"name\":\"Diesen Sommer nicht verpassen!\"}]},{\"@type\":\"WebSite\",\"@id\":\"https:\\\/\\\/www.campingdugoulet.fr\\\/de\\\/#website\",\"url\":\"https:\\\/\\\/www.campingdugoulet.fr\\\/de\\\/\",\"name\":\"Camping du Goulet\",\"description\":\"Camping 4 \u00e9toiles \u00e0 Brest, \u00e0 la pointe du Finist\u00e8re\",\"publisher\":{\"@id\":\"https:\\\/\\\/www.campingdugoulet.fr\\\/de\\\/#organization\"},\"potentialAction\":[{\"@type\":\"SearchAction\",\"target\":{\"@type\":\"EntryPoint\",\"urlTemplate\":\"https:\\\/\\\/www.campingdugoulet.fr\\\/de\\\/?s={search_term_string}\"},\"query-input\":{\"@type\":\"PropertyValueSpecification\",\"valueRequired\":true,\"valueName\":\"search_term_string\"}}],\"inLanguage\":\"de\"},{\"@type\":\"Organization\",\"@id\":\"https:\\\/\\\/www.campingdugoulet.fr\\\/de\\\/#organization\",\"name\":\"Camping Du Goulet\",\"url\":\"https:\\\/\\\/www.campingdugoulet.fr\\\/de\\\/\",\"logo\":{\"@type\":\"ImageObject\",\"inLanguage\":\"de\",\"@id\":\"https:\\\/\\\/www.campingdugoulet.fr\\\/de\\\/#\\\/schema\\\/logo\\\/image\\\/\",\"url\":\"https:\\\/\\\/www.campingdugoulet.fr\\\/wp-content\\\/uploads\\\/camping-finistere.png\",\"contentUrl\":\"https:\\\/\\\/www.campingdugoulet.fr\\\/wp-content\\\/uploads\\\/camping-finistere.png\",\"width\":190,\"height\":100,\"caption\":\"Camping Du Goulet\"},\"image\":{\"@id\":\"https:\\\/\\\/www.campingdugoulet.fr\\\/de\\\/#\\\/schema\\\/logo\\\/image\\\/\"},\"sameAs\":[\"https:\\\/\\\/fr-fr.facebook.com\\\/camping.bretagne.goulet\",\"https:\\\/\\\/www.instagram.com\\\/campingdugoulet\\\/?hl=fr\"]},{\"@type\":\"Person\",\"@id\":\"https:\\\/\\\/www.campingdugoulet.fr\\\/de\\\/#\\\/schema\\\/person\\\/279b806163db788d6741ef67b0225f2c\",\"name\":\"Flibustiers01\",\"image\":{\"@type\":\"ImageObject\",\"inLanguage\":\"de\",\"@id\":\"https:\\\/\\\/secure.gravatar.com\\\/avatar\\\/264cd54c16050b5432eb9b5544249f384b0c7547448c9d703aced96cbbbd5ddd?s=96&d=mm&r=g\",\"url\":\"https:\\\/\\\/secure.gravatar.com\\\/avatar\\\/264cd54c16050b5432eb9b5544249f384b0c7547448c9d703aced96cbbbd5ddd?s=96&d=mm&r=g\",\"contentUrl\":\"https:\\\/\\\/secure.gravatar.com\\\/avatar\\\/264cd54c16050b5432eb9b5544249f384b0c7547448c9d703aced96cbbbd5ddd?s=96&d=mm&r=g\",\"caption\":\"Flibustiers01\"},\"sameAs\":[\"http:\\\/\\\/www.campingdugoulet.fr\"]}]}<\/script>\n<!-- \/ Yoast SEO plugin. -->","yoast_head_json":{"title":"Diesen Sommer nicht verpassen! - Camping du Goulet","description":"D\u00e9couvrez toute l'actualit\u00e9 du camping du goulet \u00e0 Brest !","robots":{"index":"index","follow":"follow","max-snippet":"max-snippet:-1","max-image-preview":"max-image-preview:large","max-video-preview":"max-video-preview:-1"},"canonical":"https:\/\/www.campingdugoulet.fr\/de\/diesen-sommer-nicht-verpassen\/","og_locale":"de_DE","og_type":"article","og_title":"Diesen Sommer nicht verpassen! - Camping du Goulet","og_description":"D\u00e9couvrez toute l'actualit\u00e9 du camping du goulet \u00e0 Brest !","og_url":"https:\/\/www.campingdugoulet.fr\/de\/diesen-sommer-nicht-verpassen\/","og_site_name":"Camping du Goulet","article_publisher":"https:\/\/fr-fr.facebook.com\/camping.bretagne.goulet","article_published_time":"2023-02-20T13:12:34+00:00","article_modified_time":"2024-07-26T12:55:51+00:00","og_image":[{"width":1650,"height":640,"url":"https:\/\/www.campingdugoulet.fr\/wp-content\/uploads\/guide-brest.jpeg","type":"image\/jpeg"}],"author":"Flibustiers01","twitter_card":"summary_large_image","twitter_misc":{"Verfasst von":"Flibustiers01","Gesch\u00e4tzte Lesezeit":"4\u00a0Minuten"},"schema":{"@context":"https:\/\/schema.org","@graph":[{"@type":"Article","@id":"https:\/\/www.campingdugoulet.fr\/de\/diesen-sommer-nicht-verpassen\/#article","isPartOf":{"@id":"https:\/\/www.campingdugoulet.fr\/de\/diesen-sommer-nicht-verpassen\/"},"author":{"name":"Flibustiers01","@id":"https:\/\/www.campingdugoulet.fr\/de\/#\/schema\/person\/279b806163db788d6741ef67b0225f2c"},"headline":"Diesen Sommer nicht verpassen!","datePublished":"2023-02-20T13:12:34+00:00","dateModified":"2024-07-26T12:55:51+00:00","mainEntityOfPage":{"@id":"https:\/\/www.campingdugoulet.fr\/de\/diesen-sommer-nicht-verpassen\/"},"wordCount":885,"publisher":{"@id":"https:\/\/www.campingdugoulet.fr\/de\/#organization"},"image":{"@id":"https:\/\/www.campingdugoulet.fr\/de\/diesen-sommer-nicht-verpassen\/#primaryimage"},"thumbnailUrl":"https:\/\/www.campingdugoulet.fr\/wp-content\/uploads\/guide-brest.jpeg","articleSection":["Unkategorisiert"],"inLanguage":"de"},{"@type":"WebPage","@id":"https:\/\/www.campingdugoulet.fr\/de\/diesen-sommer-nicht-verpassen\/","url":"https:\/\/www.campingdugoulet.fr\/de\/diesen-sommer-nicht-verpassen\/","name":"Diesen Sommer nicht verpassen! - Camping du Goulet","isPartOf":{"@id":"https:\/\/www.campingdugoulet.fr\/de\/#website"},"primaryImageOfPage":{"@id":"https:\/\/www.campingdugoulet.fr\/de\/diesen-sommer-nicht-verpassen\/#primaryimage"},"image":{"@id":"https:\/\/www.campingdugoulet.fr\/de\/diesen-sommer-nicht-verpassen\/#primaryimage"},"thumbnailUrl":"https:\/\/www.campingdugoulet.fr\/wp-content\/uploads\/guide-brest.jpeg","datePublished":"2023-02-20T13:12:34+00:00","dateModified":"2024-07-26T12:55:51+00:00","description":"D\u00e9couvrez toute l'actualit\u00e9 du camping du goulet \u00e0 Brest !","breadcrumb":{"@id":"https:\/\/www.campingdugoulet.fr\/de\/diesen-sommer-nicht-verpassen\/#breadcrumb"},"inLanguage":"de","potentialAction":[{"@type":"ReadAction","target":["https:\/\/www.campingdugoulet.fr\/de\/diesen-sommer-nicht-verpassen\/"]}]},{"@type":"ImageObject","inLanguage":"de","@id":"https:\/\/www.campingdugoulet.fr\/de\/diesen-sommer-nicht-verpassen\/#primaryimage","url":"https:\/\/www.campingdugoulet.fr\/wp-content\/uploads\/guide-brest.jpeg","contentUrl":"https:\/\/www.campingdugoulet.fr\/wp-content\/uploads\/guide-brest.jpeg","width":1650,"height":640},{"@type":"BreadcrumbList","@id":"https:\/\/www.campingdugoulet.fr\/de\/diesen-sommer-nicht-verpassen\/#breadcrumb","itemListElement":[{"@type":"ListItem","position":1,"name":"Accueil","item":"https:\/\/www.campingdugoulet.fr\/de\/startseite-new\/"},{"@type":"ListItem","position":2,"name":"Diesen Sommer nicht verpassen!"}]},{"@type":"WebSite","@id":"https:\/\/www.campingdugoulet.fr\/de\/#website","url":"https:\/\/www.campingdugoulet.fr\/de\/","name":"Camping du Goulet","description":"Camping 4 \u00e9toiles \u00e0 Brest, \u00e0 la pointe du Finist\u00e8re","publisher":{"@id":"https:\/\/www.campingdugoulet.fr\/de\/#organization"},"potentialAction":[{"@type":"SearchAction","target":{"@type":"EntryPoint","urlTemplate":"https:\/\/www.campingdugoulet.fr\/de\/?s={search_term_string}"},"query-input":{"@type":"PropertyValueSpecification","valueRequired":true,"valueName":"search_term_string"}}],"inLanguage":"de"},{"@type":"Organization","@id":"https:\/\/www.campingdugoulet.fr\/de\/#organization","name":"Camping Du Goulet","url":"https:\/\/www.campingdugoulet.fr\/de\/","logo":{"@type":"ImageObject","inLanguage":"de","@id":"https:\/\/www.campingdugoulet.fr\/de\/#\/schema\/logo\/image\/","url":"https:\/\/www.campingdugoulet.fr\/wp-content\/uploads\/camping-finistere.png","contentUrl":"https:\/\/www.campingdugoulet.fr\/wp-content\/uploads\/camping-finistere.png","width":190,"height":100,"caption":"Camping Du Goulet"},"image":{"@id":"https:\/\/www.campingdugoulet.fr\/de\/#\/schema\/logo\/image\/"},"sameAs":["https:\/\/fr-fr.facebook.com\/camping.bretagne.goulet","https:\/\/www.instagram.com\/campingdugoulet\/?hl=fr"]},{"@type":"Person","@id":"https:\/\/www.campingdugoulet.fr\/de\/#\/schema\/person\/279b806163db788d6741ef67b0225f2c","name":"Flibustiers01","image":{"@type":"ImageObject","inLanguage":"de","@id":"https:\/\/secure.gravatar.com\/avatar\/264cd54c16050b5432eb9b5544249f384b0c7547448c9d703aced96cbbbd5ddd?s=96&d=mm&r=g","url":"https:\/\/secure.gravatar.com\/avatar\/264cd54c16050b5432eb9b5544249f384b0c7547448c9d703aced96cbbbd5ddd?s=96&d=mm&r=g","contentUrl":"https:\/\/secure.gravatar.com\/avatar\/264cd54c16050b5432eb9b5544249f384b0c7547448c9d703aced96cbbbd5ddd?s=96&d=mm&r=g","caption":"Flibustiers01"},"sameAs":["http:\/\/www.campingdugoulet.fr"]}]}},"_links":{"self":[{"href":"https:\/\/www.campingdugoulet.fr\/de\/wp-json\/wp\/v2\/posts\/2844","targetHints":{"allow":["GET"]}}],"collection":[{"href":"https:\/\/www.campingdugoulet.fr\/de\/wp-json\/wp\/v2\/posts"}],"about":[{"href":"https:\/\/www.campingdugoulet.fr\/de\/wp-json\/wp\/v2\/types\/post"}],"author":[{"embeddable":true,"href":"https:\/\/www.campingdugoulet.fr\/de\/wp-json\/wp\/v2\/users\/2"}],"replies":[{"embeddable":true,"href":"https:\/\/www.campingdugoulet.fr\/de\/wp-json\/wp\/v2\/comments?post=2844"}],"version-history":[{"count":9,"href":"https:\/\/www.campingdugoulet.fr\/de\/wp-json\/wp\/v2\/posts\/2844\/revisions"}],"predecessor-version":[{"id":6427,"href":"https:\/\/www.campingdugoulet.fr\/de\/wp-json\/wp\/v2\/posts\/2844\/revisions\/6427"}],"wp:featuredmedia":[{"embeddable":true,"href":"https:\/\/www.campingdugoulet.fr\/de\/wp-json\/wp\/v2\/media\/1420"}],"wp:attachment":[{"href":"https:\/\/www.campingdugoulet.fr\/de\/wp-json\/wp\/v2\/media?parent=2844"}],"wp:term":[{"taxonomy":"category","embeddable":true,"href":"https:\/\/www.campingdugoulet.fr\/de\/wp-json\/wp\/v2\/categories?post=2844"},{"taxonomy":"post_tag","embeddable":true,"href":"https:\/\/www.campingdugoulet.fr\/de\/wp-json\/wp\/v2\/tags?post=2844"}],"curies":[{"name":"wp","href":"https:\/\/api.w.org\/{rel}","templated":true}]}}